{"id":267,"date":"2019-11-06T22:46:00","date_gmt":"2019-11-06T21:46:00","guid":{"rendered":"https:\/\/graffiterie.fr\/?p=267"},"modified":"2022-11-23T22:33:51","modified_gmt":"2022-11-23T21:33:51","slug":"centre-dhebergement-durgence-jean-quarre","status":"publish","type":"post","link":"https:\/\/graffiterie.fr\/index.php\/2019\/11\/06\/centre-dhebergement-durgence-jean-quarre\/","title":{"rendered":"CHU Jean-Quarr\u00e9"},"content":{"rendered":"<section class=\"parallax-section\"><div class=\"parallax-window\" data-z-index=\"100\" data-position-x=\"left\" data-parallax=\"scroll\" data-speed=\".3\" data-image-src=\"https:\/\/graffiterie.fr\/wp-content\/uploads\/2022\/11\/graffiterie_jean-carre-2019-07-w8.jpg\" style=\"align-items: flex-start;min-height: 600px;\"><div class=\"parallax-container parallax-content\"><\/div><\/div><\/section>\n\n\n\n<hr class=\"wp-block-separator has-alpha-channel-opacity\"\/>\n\n\n\n<h2 class=\"wp-block-heading\">CENTRE D&rsquo;H\u00c9BERGEMENT D&rsquo;URGENCE JEAN-QUARR\u00c9<\/h2>\n\n\n\n<p>Fresque participative &#8211; Juillet 2019, Paris.<\/p>\n\n\n\n<hr class=\"wp-block-separator has-alpha-channel-opacity\"\/>\n\n\n\n<p>Fresque collaborative sur les murs de la salle commune\/salle \u00e0 manger du centre d\u2019h\u00e9bergement d\u2019urgence Jean Quarr\u00e9 situ\u00e9 dans le 19e arrondissement. Les personnes h\u00e9berg\u00e9es, des r\u00e9fugi\u00e9s, y habitent pour des p\u00e9riodes vari\u00e9es. <strong>L\u2019objectif de cette fresque est de leur faire s\u2019approprier l\u2019espace, de le rendre plus convivial, vivant<\/strong>.<\/p>\n\n\n\n<hr class=\"wp-block-separator has-alpha-channel-opacity\"\/>\n\n\n\n<p>En partenariat avec Emma\u00fcs Solidarit\u00e9 qui s\u2019occupe de la gestion du CHU Jean Quarr\u00e9, nous avons rencontr\u00e9 les habitants volontaires sur des formats de sessions de croquis. Ces sessions nous ont permis de cibler les envies de visuels de chacun, de communiquer plus facilement.<\/p>\n\n\n\n<hr class=\"wp-block-separator has-alpha-channel-opacity\"\/>\n\n\n\n<p><strong>Cela a aussi permis aux volontaires de s\u2019exprimer librement, de se sensibiliser \u00e0 la pratique du dessin, et souvent, de nous montrer leur talent<\/strong>. Puis nous sommes revenus sur une semaine pour peindre la salle en commen\u00e7ant par r\u00e9aliser un fond paysage avec la participation d\u00e8s le d\u00e9but des habitants. Chacun a pu venir par la suite y peindre des \u00e9l\u00e9ments illustratifs, des images leur rappelant de bons souvenirs ou des lieux r\u00eav\u00e9s, ou encore y d\u00e9poser un message.<\/p>\n\n\n\n<hr class=\"wp-block-separator has-alpha-channel-opacity\"\/>\n\n\n\n<p>Durant la semaine, au moins une vingtaine d\u2019habitants ont peint avec nous, et le r\u00e9sultat est une fresque color\u00e9e, gaie et chaleureuse remplie de messages d\u2019espoir et de bienvenue.<\/p>\n\n\n\n<hr class=\"wp-block-separator has-alpha-channel-opacity\"\/>\n\n\n\n<figure class=\"wp-block-image size-large\"><img loading=\"lazy\" decoding=\"async\" width=\"1024\" height=\"725\" src=\"https:\/\/graffiterie.fr\/wp-content\/uploads\/2022\/11\/graffiterie_jean-carre-2019-04-w4-1024x725.jpg\" alt=\"graffiterie_jean-carre-2019-01-w1\" class=\"wp-image-291\" srcset=\"https:\/\/graffiterie.fr\/wp-content\/uploads\/2022\/11\/graffiterie_jean-carre-2019-04-w4-1024x725.jpg 1024w, https:\/\/graffiterie.fr\/wp-content\/uploads\/2022\/11\/graffiterie_jean-carre-2019-04-w4-300x213.jpg 300w, https:\/\/graffiterie.fr\/wp-content\/uploads\/2022\/11\/graffiterie_jean-carre-2019-04-w4-768x544.jpg 768w, https:\/\/graffiterie.fr\/wp-content\/uploads\/2022\/11\/graffiterie_jean-carre-2019-04-w4.jpg 1200w\" sizes=\"auto, (max-width: 1024px) 100vw, 1024px\" \/><\/figure>\n\n\n\n<figure class=\"wp-block-image size-large\"><img loading=\"lazy\" decoding=\"async\" width=\"1024\" height=\"725\" src=\"https:\/\/graffiterie.fr\/wp-content\/uploads\/2022\/11\/graffiterie_jean-carre-2019-03-w3-1024x725.jpg\" alt=\"graffiterie_jean-carre-2019-01-w1\" class=\"wp-image-290\" srcset=\"https:\/\/graffiterie.fr\/wp-content\/uploads\/2022\/11\/graffiterie_jean-carre-2019-03-w3-1024x725.jpg 1024w, https:\/\/graffiterie.fr\/wp-content\/uploads\/2022\/11\/graffiterie_jean-carre-2019-03-w3-300x213.jpg 300w, https:\/\/graffiterie.fr\/wp-content\/uploads\/2022\/11\/graffiterie_jean-carre-2019-03-w3-768x544.jpg 768w, https:\/\/graffiterie.fr\/wp-content\/uploads\/2022\/11\/graffiterie_jean-carre-2019-03-w3.jpg 1200w\" sizes=\"auto, (max-width: 1024px) 100vw, 1024px\" \/><\/figure>\n\n\n\n<figure class=\"wp-block-image size-large\"><img loading=\"lazy\" decoding=\"async\" width=\"1024\" height=\"725\" src=\"https:\/\/graffiterie.fr\/wp-content\/uploads\/2022\/11\/graffiterie_jean-carre-2019-02-w2-1024x725.jpg\" alt=\"graffiterie_jean-carre-2019-01-w1\" class=\"wp-image-289\" srcset=\"https:\/\/graffiterie.fr\/wp-content\/uploads\/2022\/11\/graffiterie_jean-carre-2019-02-w2-1024x725.jpg 1024w, https:\/\/graffiterie.fr\/wp-content\/uploads\/2022\/11\/graffiterie_jean-carre-2019-02-w2-300x213.jpg 300w, https:\/\/graffiterie.fr\/wp-content\/uploads\/2022\/11\/graffiterie_jean-carre-2019-02-w2-768x544.jpg 768w, https:\/\/graffiterie.fr\/wp-content\/uploads\/2022\/11\/graffiterie_jean-carre-2019-02-w2.jpg 1200w\" sizes=\"auto, (max-width: 1024px) 100vw, 1024px\" \/><\/figure>\n\n\n\n<figure class=\"wp-block-image size-large\"><img loading=\"lazy\" decoding=\"async\" width=\"1024\" height=\"725\" src=\"https:\/\/graffiterie.fr\/wp-content\/uploads\/2022\/11\/graffiterie_jean-carre-2019-01-w1-1024x725.jpg\" alt=\"graffiterie_jean-carre-2019-01-w1\" class=\"wp-image-288\" srcset=\"https:\/\/graffiterie.fr\/wp-content\/uploads\/2022\/11\/graffiterie_jean-carre-2019-01-w1-1024x725.jpg 1024w, https:\/\/graffiterie.fr\/wp-content\/uploads\/2022\/11\/graffiterie_jean-carre-2019-01-w1-300x213.jpg 300w, https:\/\/graffiterie.fr\/wp-content\/uploads\/2022\/11\/graffiterie_jean-carre-2019-01-w1-768x544.jpg 768w, https:\/\/graffiterie.fr\/wp-content\/uploads\/2022\/11\/graffiterie_jean-carre-2019-01-w1.jpg 1200w\" sizes=\"auto, (max-width: 1024px) 100vw, 1024px\" \/><\/figure>\n\n\n\n<figure class=\"wp-block-image size-large\"><img loading=\"lazy\" decoding=\"async\" width=\"1024\" height=\"725\" src=\"https:\/\/graffiterie.fr\/wp-content\/uploads\/2022\/11\/graffiterie_jean-carre-2019-06-w6-1024x725.jpg\" alt=\"graffiterie_jean-carre-2019-01-w1\" class=\"wp-image-293\" srcset=\"https:\/\/graffiterie.fr\/wp-content\/uploads\/2022\/11\/graffiterie_jean-carre-2019-06-w6-1024x725.jpg 1024w, https:\/\/graffiterie.fr\/wp-content\/uploads\/2022\/11\/graffiterie_jean-carre-2019-06-w6-300x213.jpg 300w, https:\/\/graffiterie.fr\/wp-content\/uploads\/2022\/11\/graffiterie_jean-carre-2019-06-w6-768x544.jpg 768w, https:\/\/graffiterie.fr\/wp-content\/uploads\/2022\/11\/graffiterie_jean-carre-2019-06-w6.jpg 1200w\" sizes=\"auto, (max-width: 1024px) 100vw, 1024px\" \/><\/figure>\n\n\n\n<figure class=\"wp-block-image size-large\"><img loading=\"lazy\" decoding=\"async\" width=\"1024\" height=\"725\" src=\"https:\/\/graffiterie.fr\/wp-content\/uploads\/2022\/11\/graffiterie_jean-carre-2019-05-w5-1024x725.jpg\" alt=\"graffiterie_jean-carre-2019-01-w1\" class=\"wp-image-292\" srcset=\"https:\/\/graffiterie.fr\/wp-content\/uploads\/2022\/11\/graffiterie_jean-carre-2019-05-w5-1024x725.jpg 1024w, https:\/\/graffiterie.fr\/wp-content\/uploads\/2022\/11\/graffiterie_jean-carre-2019-05-w5-300x213.jpg 300w, https:\/\/graffiterie.fr\/wp-content\/uploads\/2022\/11\/graffiterie_jean-carre-2019-05-w5-768x544.jpg 768w, https:\/\/graffiterie.fr\/wp-content\/uploads\/2022\/11\/graffiterie_jean-carre-2019-05-w5.jpg 1200w\" sizes=\"auto, (max-width: 1024px) 100vw, 1024px\" \/><\/figure>\n","protected":false},"excerpt":{"rendered":"<p>CENTRE D&rsquo;H\u00c9BERGEMENT D&rsquo;URGENCE JEAN-QUARR\u00c9 Fresque participative &#8211; Juillet 2019, Paris. Fresque collaborative sur les murs de la salle commune\/salle \u00e0 manger du centre d\u2019h\u00e9bergement d\u2019urgence Jean Quarr\u00e9 situ\u00e9 dans le 19e arrondissement. Les personnes h\u00e9berg\u00e9es, des r\u00e9fugi\u00e9s, y habitent pour des p\u00e9riodes vari\u00e9es. L\u2019objectif de cette fresque est de leur faire s\u2019approprier l\u2019espace, de le [&hellip;]<\/p>\n","protected":false},"author":1,"featured_media":296,"comment_status":"open","ping_status":"open","sticky":false,"template":"","format":"standard","meta":{"site-sidebar-layout":"default","site-content-layout":"","ast-site-content-layout":"default","site-content-style":"default","site-sidebar-style":"default","ast-global-header-display":"","ast-banner-title-visibility":"","ast-main-header-display":"","ast-hfb-above-header-display":"","ast-hfb-below-header-display":"","ast-hfb-mobile-header-display":"","site-post-title":"","ast-breadcrumbs-content":"","ast-featured-img":"","footer-sml-layout":"","theme-transparent-header-meta":"","adv-header-id-meta":"","stick-header-meta":"","header-above-stick-meta":"","header-main-stick-meta":"","header-below-stick-meta":"","astra-migrate-meta-layouts":"default","ast-page-background-enabled":"default","ast-page-background-meta":{"desktop":{"background-color":"var(--ast-global-color-4)","background-image":"","background-repeat":"repeat","background-position":"center center","background-size":"auto","background-attachment":"scroll","background-type":"","background-media":"","overlay-type":"","overlay-color":"","overlay-opacity":"","overlay-gradient":""},"tablet":{"background-color":"","background-image":"","background-repeat":"repeat","background-position":"center center","background-size":"auto","background-attachment":"scroll","background-type":"","background-media":"","overlay-type":"","overlay-color":"","overlay-opacity":"","overlay-gradient":""},"mobile":{"background-color":"","background-image":"","background-repeat":"repeat","background-position":"center center","background-size":"auto","background-attachment":"scroll","background-type":"","background-media":"","overlay-type":"","overlay-color":"","overlay-opacity":"","overlay-gradient":""}},"ast-content-background-meta":{"desktop":{"background-color":"var(--ast-global-color-5)","background-image":"","background-repeat":"repeat","background-position":"center center","background-size":"auto","background-attachment":"scroll","background-type":"","background-media":"","overlay-type":"","overlay-color":"","overlay-opacity":"","overlay-gradient":""},"tablet":{"background-color":"var(--ast-global-color-5)","background-image":"","background-repeat":"repeat","background-position":"center center","background-size":"auto","background-attachment":"scroll","background-type":"","background-media":"","overlay-type":"","overlay-color":"","overlay-opacity":"","overlay-gradient":""},"mobile":{"background-color":"var(--ast-global-color-5)","background-image":"","background-repeat":"repeat","background-position":"center center","background-size":"auto","background-attachment":"scroll","background-type":"","background-media":"","overlay-type":"","overlay-color":"","overlay-opacity":"","overlay-gradient":""}},"footnotes":""},"categories":[7],"tags":[],"class_list":["post-267","post","type-post","status-publish","format-standard","has-post-thumbnail","hentry","category-fresque-participative"],"_links":{"self":[{"href":"https:\/\/graffiterie.fr\/index.php\/wp-json\/wp\/v2\/posts\/267","targetHints":{"allow":["GET"]}}],"collection":[{"href":"https:\/\/graffiterie.fr\/index.php\/wp-json\/wp\/v2\/posts"}],"about":[{"href":"https:\/\/graffiterie.fr\/index.php\/wp-json\/wp\/v2\/types\/post"}],"author":[{"embeddable":true,"href":"https:\/\/graffiterie.fr\/index.php\/wp-json\/wp\/v2\/users\/1"}],"replies":[{"embeddable":true,"href":"https:\/\/graffiterie.fr\/index.php\/wp-json\/wp\/v2\/comments?post=267"}],"version-history":[{"count":15,"href":"https:\/\/graffiterie.fr\/index.php\/wp-json\/wp\/v2\/posts\/267\/revisions"}],"predecessor-version":[{"id":692,"href":"https:\/\/graffiterie.fr\/index.php\/wp-json\/wp\/v2\/posts\/267\/revisions\/692"}],"wp:featuredmedia":[{"embeddable":true,"href":"https:\/\/graffiterie.fr\/index.php\/wp-json\/wp\/v2\/media\/296"}],"wp:attachment":[{"href":"https:\/\/graffiterie.fr\/index.php\/wp-json\/wp\/v2\/media?parent=267"}],"wp:term":[{"taxonomy":"category","embeddable":true,"href":"https:\/\/graffiterie.fr\/index.php\/wp-json\/wp\/v2\/categories?post=267"},{"taxonomy":"post_tag","embeddable":true,"href":"https:\/\/graffiterie.fr\/index.php\/wp-json\/wp\/v2\/tags?post=267"}],"curies":[{"name":"wp","href":"https:\/\/api.w.org\/{rel}","templated":true}]}}