{"id":111,"date":"2019-07-09T00:14:00","date_gmt":"2019-07-08T22:14:00","guid":{"rendered":"https:\/\/graffiterie.fr\/?p=111"},"modified":"2022-11-23T21:56:31","modified_gmt":"2022-11-23T20:56:31","slug":"jardin-des-amities","status":"publish","type":"post","link":"https:\/\/graffiterie.fr\/index.php\/2019\/07\/09\/jardin-des-amities\/","title":{"rendered":"Jardin des amiti\u00e9s"},"content":{"rendered":"<section class=\"parallax-section\"><div class=\"parallax-window\" data-z-index=\"100\" data-position-x=\"left\" data-parallax=\"scroll\" data-speed=\".3\" data-image-src=\"https:\/\/graffiterie.fr\/wp-content\/uploads\/2022\/10\/graffiterie_jardin-des-amities-montreuil-boissiere-cite-amitie-graffiti-peinture-2018-2.jpg\" style=\"align-items: flex-start;min-height: 600px;\"><div class=\"parallax-container parallax-content\"><\/div><\/div><\/section>\n\n\n\n<hr class=\"wp-block-separator has-alpha-channel-opacity\"\/>\n\n\n\n<h2 class=\"wp-block-heading\">JARDIN DES AMITI\u00c9S &#8211; pLACE K\u00c9TANOU<\/h2>\n\n\n\n<hr class=\"wp-block-separator has-alpha-channel-opacity\"\/>\n\n\n\n<p>Fresque participative &#8211; Montreuil La Boissi\u00e8re &#8211; 2019<\/p>\n\n\n\n<hr class=\"wp-block-separator has-alpha-channel-opacity\"\/>\n\n\n\n<hr class=\"wp-block-separator has-alpha-channel-opacity\"\/>\n\n\n\n<p>Septembre 2018, lancement du jardin des amiti\u00e9s avec l\u2019association Asphalte \u00e0 la Boissi\u00e8re, \u00e0 Montreuil. Ce jardin collectif au pied de la cit\u00e9 de l\u2019amiti\u00e9 s\u2019inscrit dans le projet de ville \u00ab Montreuil est notre jardin \u00bb. <\/p>\n\n\n\n<hr class=\"wp-block-separator has-alpha-channel-opacity\"\/>\n\n\n\n<p><strong>Avec nos pinceaux nous plantons le d\u00e9cor pour y accueillir les jardini\u00e8res et jardiniers.<\/strong> Depuis 2018, la peinture participative avec petit\u00b7es et grand\u00b7es est l\u2019une des activit\u00e9s r\u00e9currentes du jardin et de la place K\u00e9tanou qui ont repris vie au quotidien et lors d\u2019\u00e9v\u00e9nements festifs avec les habitant\u00b7es et les associations du quartier Branly Boissi\u00e8re.<\/p>\n\n\n\n<hr class=\"wp-block-separator has-alpha-channel-opacity\"\/>\n\n\n\n<figure class=\"wp-block-image size-large\"><img loading=\"lazy\" decoding=\"async\" width=\"1024\" height=\"768\" src=\"https:\/\/graffiterie.fr\/wp-content\/uploads\/2022\/10\/graffiterie_jardin-des-amities-montreuil-boissiere-cite-amitie-graffiti-peinture-2018-1-1024x768.jpg\" alt=\"graffiterie_jardin-des-amities-montreuil-boissiere-cite-amitie-graffiti-peinture-2018-1\" class=\"wp-image-112\" srcset=\"https:\/\/graffiterie.fr\/wp-content\/uploads\/2022\/10\/graffiterie_jardin-des-amities-montreuil-boissiere-cite-amitie-graffiti-peinture-2018-1-1024x768.jpg 1024w, https:\/\/graffiterie.fr\/wp-content\/uploads\/2022\/10\/graffiterie_jardin-des-amities-montreuil-boissiere-cite-amitie-graffiti-peinture-2018-1-300x225.jpg 300w, https:\/\/graffiterie.fr\/wp-content\/uploads\/2022\/10\/graffiterie_jardin-des-amities-montreuil-boissiere-cite-amitie-graffiti-peinture-2018-1-768x576.jpg 768w, https:\/\/graffiterie.fr\/wp-content\/uploads\/2022\/10\/graffiterie_jardin-des-amities-montreuil-boissiere-cite-amitie-graffiti-peinture-2018-1.jpg 1200w\" sizes=\"auto, (max-width: 1024px) 100vw, 1024px\" \/><\/figure>\n\n\n\n<figure class=\"wp-block-image size-large\"><img loading=\"lazy\" decoding=\"async\" width=\"1024\" height=\"768\" src=\"https:\/\/graffiterie.fr\/wp-content\/uploads\/2022\/10\/graffiterie_jardin-des-amities-montreuil-boissiere-cite-amitie-graffiti-peinture-2018-3-1024x768.jpg\" alt=\"graffiterie_jardin-des-amities-montreuil-boissiere-cite-amitie-graffiti-peinture-2018-1\" class=\"wp-image-114\" srcset=\"https:\/\/graffiterie.fr\/wp-content\/uploads\/2022\/10\/graffiterie_jardin-des-amities-montreuil-boissiere-cite-amitie-graffiti-peinture-2018-3-1024x768.jpg 1024w, https:\/\/graffiterie.fr\/wp-content\/uploads\/2022\/10\/graffiterie_jardin-des-amities-montreuil-boissiere-cite-amitie-graffiti-peinture-2018-3-300x225.jpg 300w, https:\/\/graffiterie.fr\/wp-content\/uploads\/2022\/10\/graffiterie_jardin-des-amities-montreuil-boissiere-cite-amitie-graffiti-peinture-2018-3-768x576.jpg 768w, https:\/\/graffiterie.fr\/wp-content\/uploads\/2022\/10\/graffiterie_jardin-des-amities-montreuil-boissiere-cite-amitie-graffiti-peinture-2018-3.jpg 1200w\" sizes=\"auto, (max-width: 1024px) 100vw, 1024px\" \/><\/figure>\n\n\n\n<figure class=\"wp-block-image size-large\"><img loading=\"lazy\" decoding=\"async\" width=\"1024\" height=\"768\" src=\"https:\/\/graffiterie.fr\/wp-content\/uploads\/2022\/10\/graffiterie_jardin-des-amities-montreuil-boissiere-cite-amitie-graffiti-peinture-2018-5-1024x768.jpg\" alt=\"graffiterie_jardin-des-amities-montreuil-boissiere-cite-amitie-graffiti-peinture-2018-1\" class=\"wp-image-116\" srcset=\"https:\/\/graffiterie.fr\/wp-content\/uploads\/2022\/10\/graffiterie_jardin-des-amities-montreuil-boissiere-cite-amitie-graffiti-peinture-2018-5-1024x768.jpg 1024w, https:\/\/graffiterie.fr\/wp-content\/uploads\/2022\/10\/graffiterie_jardin-des-amities-montreuil-boissiere-cite-amitie-graffiti-peinture-2018-5-300x225.jpg 300w, https:\/\/graffiterie.fr\/wp-content\/uploads\/2022\/10\/graffiterie_jardin-des-amities-montreuil-boissiere-cite-amitie-graffiti-peinture-2018-5-768x576.jpg 768w, https:\/\/graffiterie.fr\/wp-content\/uploads\/2022\/10\/graffiterie_jardin-des-amities-montreuil-boissiere-cite-amitie-graffiti-peinture-2018-5.jpg 1200w\" sizes=\"auto, (max-width: 1024px) 100vw, 1024px\" \/><\/figure>\n\n\n\n<figure class=\"wp-block-image size-large\"><img loading=\"lazy\" decoding=\"async\" width=\"1024\" height=\"768\" src=\"https:\/\/graffiterie.fr\/wp-content\/uploads\/2022\/10\/graffiterie_jardin-des-amities-montreuil-boissiere-cite-amitie-graffiti-peinture-2018-4-1024x768.jpg\" alt=\"graffiterie_jardin-des-amities-montreuil-boissiere-cite-amitie-graffiti-peinture-2018-1\" class=\"wp-image-115\" srcset=\"https:\/\/graffiterie.fr\/wp-content\/uploads\/2022\/10\/graffiterie_jardin-des-amities-montreuil-boissiere-cite-amitie-graffiti-peinture-2018-4-1024x768.jpg 1024w, https:\/\/graffiterie.fr\/wp-content\/uploads\/2022\/10\/graffiterie_jardin-des-amities-montreuil-boissiere-cite-amitie-graffiti-peinture-2018-4-300x225.jpg 300w, https:\/\/graffiterie.fr\/wp-content\/uploads\/2022\/10\/graffiterie_jardin-des-amities-montreuil-boissiere-cite-amitie-graffiti-peinture-2018-4-768x576.jpg 768w, https:\/\/graffiterie.fr\/wp-content\/uploads\/2022\/10\/graffiterie_jardin-des-amities-montreuil-boissiere-cite-amitie-graffiti-peinture-2018-4.jpg 1200w\" sizes=\"auto, (max-width: 1024px) 100vw, 1024px\" \/><\/figure>\n\n\n\n<figure class=\"wp-block-image size-large\"><img loading=\"lazy\" decoding=\"async\" width=\"1024\" height=\"725\" src=\"https:\/\/graffiterie.fr\/wp-content\/uploads\/2019\/07\/graffiterie_jardin-amities-2020-03-w-1024x725.jpg\" alt=\"graffiterie_jardin-amities-2020-03-w\" class=\"wp-image-401\" srcset=\"https:\/\/graffiterie.fr\/wp-content\/uploads\/2019\/07\/graffiterie_jardin-amities-2020-03-w-1024x725.jpg 1024w, https:\/\/graffiterie.fr\/wp-content\/uploads\/2019\/07\/graffiterie_jardin-amities-2020-03-w-300x213.jpg 300w, https:\/\/graffiterie.fr\/wp-content\/uploads\/2019\/07\/graffiterie_jardin-amities-2020-03-w-768x544.jpg 768w, https:\/\/graffiterie.fr\/wp-content\/uploads\/2019\/07\/graffiterie_jardin-amities-2020-03-w.jpg 1200w\" sizes=\"auto, (max-width: 1024px) 100vw, 1024px\" \/><\/figure>\n\n\n\n<figure class=\"wp-block-image size-large\"><img loading=\"lazy\" decoding=\"async\" width=\"1024\" height=\"725\" src=\"https:\/\/graffiterie.fr\/wp-content\/uploads\/2019\/07\/graffiterie_jardin-amities-2020-04-w-1024x725.jpg\" alt=\"\" class=\"wp-image-402\" srcset=\"https:\/\/graffiterie.fr\/wp-content\/uploads\/2019\/07\/graffiterie_jardin-amities-2020-04-w-1024x725.jpg 1024w, https:\/\/graffiterie.fr\/wp-content\/uploads\/2019\/07\/graffiterie_jardin-amities-2020-04-w-300x213.jpg 300w, https:\/\/graffiterie.fr\/wp-content\/uploads\/2019\/07\/graffiterie_jardin-amities-2020-04-w-768x544.jpg 768w, https:\/\/graffiterie.fr\/wp-content\/uploads\/2019\/07\/graffiterie_jardin-amities-2020-04-w.jpg 1200w\" sizes=\"auto, (max-width: 1024px) 100vw, 1024px\" \/><\/figure>\n\n\n\n<figure class=\"wp-block-image size-large\"><img loading=\"lazy\" decoding=\"async\" width=\"1024\" height=\"725\" src=\"https:\/\/graffiterie.fr\/wp-content\/uploads\/2019\/07\/graffiterie_jardin-amities-2020-02-w-1024x725.jpg\" alt=\"\" class=\"wp-image-400\" srcset=\"https:\/\/graffiterie.fr\/wp-content\/uploads\/2019\/07\/graffiterie_jardin-amities-2020-02-w-1024x725.jpg 1024w, https:\/\/graffiterie.fr\/wp-content\/uploads\/2019\/07\/graffiterie_jardin-amities-2020-02-w-300x213.jpg 300w, https:\/\/graffiterie.fr\/wp-content\/uploads\/2019\/07\/graffiterie_jardin-amities-2020-02-w-768x544.jpg 768w, https:\/\/graffiterie.fr\/wp-content\/uploads\/2019\/07\/graffiterie_jardin-amities-2020-02-w.jpg 1200w\" sizes=\"auto, (max-width: 1024px) 100vw, 1024px\" \/><\/figure>\n\n\n\n<figure class=\"wp-block-image size-large\"><img loading=\"lazy\" decoding=\"async\" width=\"1024\" height=\"725\" src=\"https:\/\/graffiterie.fr\/wp-content\/uploads\/2019\/07\/graffiterie_jardin-amities-2020-01-w-1024x725.jpg\" alt=\"\" class=\"wp-image-399\" srcset=\"https:\/\/graffiterie.fr\/wp-content\/uploads\/2019\/07\/graffiterie_jardin-amities-2020-01-w-1024x725.jpg 1024w, https:\/\/graffiterie.fr\/wp-content\/uploads\/2019\/07\/graffiterie_jardin-amities-2020-01-w-300x213.jpg 300w, https:\/\/graffiterie.fr\/wp-content\/uploads\/2019\/07\/graffiterie_jardin-amities-2020-01-w-768x544.jpg 768w, https:\/\/graffiterie.fr\/wp-content\/uploads\/2019\/07\/graffiterie_jardin-amities-2020-01-w.jpg 1200w\" sizes=\"auto, (max-width: 1024px) 100vw, 1024px\" \/><\/figure>\n\n\n\n<figure class=\"wp-block-image size-large\"><img loading=\"lazy\" decoding=\"async\" width=\"1024\" height=\"725\" src=\"https:\/\/graffiterie.fr\/wp-content\/uploads\/2022\/11\/graffiterie_RU_atelier-rue-2021-02-w-1024x725.jpg\" alt=\"graffiterie_RU_atelier-rue-2021-02-w\" class=\"wp-image-625\" srcset=\"https:\/\/graffiterie.fr\/wp-content\/uploads\/2022\/11\/graffiterie_RU_atelier-rue-2021-02-w-1024x725.jpg 1024w, https:\/\/graffiterie.fr\/wp-content\/uploads\/2022\/11\/graffiterie_RU_atelier-rue-2021-02-w-300x213.jpg 300w, https:\/\/graffiterie.fr\/wp-content\/uploads\/2022\/11\/graffiterie_RU_atelier-rue-2021-02-w-768x544.jpg 768w, https:\/\/graffiterie.fr\/wp-content\/uploads\/2022\/11\/graffiterie_RU_atelier-rue-2021-02-w.jpg 1200w\" sizes=\"auto, (max-width: 1024px) 100vw, 1024px\" \/><\/figure>\n\n\n\n<figure class=\"wp-block-image size-large\"><img loading=\"lazy\" decoding=\"async\" width=\"1024\" height=\"725\" src=\"https:\/\/graffiterie.fr\/wp-content\/uploads\/2022\/11\/graffiterie_RU_atelier-rue-2021-03-w-1024x725.jpg\" alt=\"\" class=\"wp-image-626\" srcset=\"https:\/\/graffiterie.fr\/wp-content\/uploads\/2022\/11\/graffiterie_RU_atelier-rue-2021-03-w-1024x725.jpg 1024w, https:\/\/graffiterie.fr\/wp-content\/uploads\/2022\/11\/graffiterie_RU_atelier-rue-2021-03-w-300x213.jpg 300w, https:\/\/graffiterie.fr\/wp-content\/uploads\/2022\/11\/graffiterie_RU_atelier-rue-2021-03-w-768x544.jpg 768w, https:\/\/graffiterie.fr\/wp-content\/uploads\/2022\/11\/graffiterie_RU_atelier-rue-2021-03-w.jpg 1200w\" sizes=\"auto, (max-width: 1024px) 100vw, 1024px\" \/><\/figure>\n\n\n\n<figure class=\"wp-block-image size-large is-resized\"><img loading=\"lazy\" decoding=\"async\" src=\"https:\/\/graffiterie.fr\/wp-content\/uploads\/2022\/11\/graffiterie_RU_caravane-2020-01-w-1024x725.jpg\" alt=\"\" class=\"wp-image-627\" width=\"900\" height=\"637\" srcset=\"https:\/\/graffiterie.fr\/wp-content\/uploads\/2022\/11\/graffiterie_RU_caravane-2020-01-w-1024x725.jpg 1024w, https:\/\/graffiterie.fr\/wp-content\/uploads\/2022\/11\/graffiterie_RU_caravane-2020-01-w-300x213.jpg 300w, https:\/\/graffiterie.fr\/wp-content\/uploads\/2022\/11\/graffiterie_RU_caravane-2020-01-w-768x544.jpg 768w, https:\/\/graffiterie.fr\/wp-content\/uploads\/2022\/11\/graffiterie_RU_caravane-2020-01-w.jpg 1200w\" sizes=\"auto, (max-width: 900px) 100vw, 900px\" \/><\/figure>\n\n\n\n<figure class=\"wp-block-image size-large\"><img decoding=\"async\" src=\"https:\/\/graffiterie.fr\/wp-content\/uploads\/2022\/10\/graffiterie_jardin-des-amities-montreuil-boissiere-cite-amitie-graffiti-peinture-2018-2-1024x788.jpg\" alt=\" graffiterie_jardin-des-amities-montreuil-boissiere-cite-amitie-graffiti-peinture-2018-1\" class=\"wp-image-113\"\/><\/figure>\n","protected":false},"excerpt":{"rendered":"<p>JARDIN DES AMITI\u00c9S &#8211; pLACE K\u00c9TANOU Fresque participative &#8211; Montreuil La Boissi\u00e8re &#8211; 2019 Septembre 2018, lancement du jardin des amiti\u00e9s avec l\u2019association Asphalte \u00e0 la Boissi\u00e8re, \u00e0 Montreuil. Ce jardin collectif au pied de la cit\u00e9 de l\u2019amiti\u00e9 s\u2019inscrit dans le projet de ville \u00ab Montreuil est notre jardin \u00bb. Avec nos pinceaux nous [&hellip;]<\/p>\n","protected":false},"author":1,"featured_media":113,"comment_status":"open","ping_status":"open","sticky":false,"template":"","format":"standard","meta":{"site-sidebar-layout":"default","site-content-layout":"","ast-site-content-layout":"default","site-content-style":"default","site-sidebar-style":"default","ast-global-header-display":"","ast-banner-title-visibility":"","ast-main-header-display":"","ast-hfb-above-header-display":"","ast-hfb-below-header-display":"","ast-hfb-mobile-header-display":"","site-post-title":"","ast-breadcrumbs-content":"","ast-featured-img":"","footer-sml-layout":"","theme-transparent-header-meta":"","adv-header-id-meta":"","stick-header-meta":"","header-above-stick-meta":"","header-main-stick-meta":"","header-below-stick-meta":"","astra-migrate-meta-layouts":"default","ast-page-background-enabled":"default","ast-page-background-meta":{"desktop":{"background-color":"var(--ast-global-color-4)","background-image":"","background-repeat":"repeat","background-position":"center center","background-size":"auto","background-attachment":"scroll","background-type":"","background-media":"","overlay-type":"","overlay-color":"","overlay-opacity":"","overlay-gradient":""},"tablet":{"background-color":"","background-image":"","background-repeat":"repeat","background-position":"center center","background-size":"auto","background-attachment":"scroll","background-type":"","background-media":"","overlay-type":"","overlay-color":"","overlay-opacity":"","overlay-gradient":""},"mobile":{"background-color":"","background-image":"","background-repeat":"repeat","background-position":"center center","background-size":"auto","background-attachment":"scroll","background-type":"","background-media":"","overlay-type":"","overlay-color":"","overlay-opacity":"","overlay-gradient":""}},"ast-content-background-meta":{"desktop":{"background-color":"var(--ast-global-color-5)","background-image":"","background-repeat":"repeat","background-position":"center center","background-size":"auto","background-attachment":"scroll","background-type":"","background-media":"","overlay-type":"","overlay-color":"","overlay-opacity":"","overlay-gradient":""},"tablet":{"background-color":"var(--ast-global-color-5)","background-image":"","background-repeat":"repeat","background-position":"center center","background-size":"auto","background-attachment":"scroll","background-type":"","background-media":"","overlay-type":"","overlay-color":"","overlay-opacity":"","overlay-gradient":""},"mobile":{"background-color":"var(--ast-global-color-5)","background-image":"","background-repeat":"repeat","background-position":"center center","background-size":"auto","background-attachment":"scroll","background-type":"","background-media":"","overlay-type":"","overlay-color":"","overlay-opacity":"","overlay-gradient":""}},"footnotes":""},"categories":[6],"tags":[],"class_list":["post-111","post","type-post","status-publish","format-standard","has-post-thumbnail","hentry","category-fresque-collaborative"],"_links":{"self":[{"href":"https:\/\/graffiterie.fr\/index.php\/wp-json\/wp\/v2\/posts\/111","targetHints":{"allow":["GET"]}}],"collection":[{"href":"https:\/\/graffiterie.fr\/index.php\/wp-json\/wp\/v2\/posts"}],"about":[{"href":"https:\/\/graffiterie.fr\/index.php\/wp-json\/wp\/v2\/types\/post"}],"author":[{"embeddable":true,"href":"https:\/\/graffiterie.fr\/index.php\/wp-json\/wp\/v2\/users\/1"}],"replies":[{"embeddable":true,"href":"https:\/\/graffiterie.fr\/index.php\/wp-json\/wp\/v2\/comments?post=111"}],"version-history":[{"count":12,"href":"https:\/\/graffiterie.fr\/index.php\/wp-json\/wp\/v2\/posts\/111\/revisions"}],"predecessor-version":[{"id":689,"href":"https:\/\/graffiterie.fr\/index.php\/wp-json\/wp\/v2\/posts\/111\/revisions\/689"}],"wp:featuredmedia":[{"embeddable":true,"href":"https:\/\/graffiterie.fr\/index.php\/wp-json\/wp\/v2\/media\/113"}],"wp:attachment":[{"href":"https:\/\/graffiterie.fr\/index.php\/wp-json\/wp\/v2\/media?parent=111"}],"wp:term":[{"taxonomy":"category","embeddable":true,"href":"https:\/\/graffiterie.fr\/index.php\/wp-json\/wp\/v2\/categories?post=111"},{"taxonomy":"post_tag","embeddable":true,"href":"https:\/\/graffiterie.fr\/index.php\/wp-json\/wp\/v2\/tags?post=111"}],"curies":[{"name":"wp","href":"https:\/\/api.w.org\/{rel}","templated":true}]}}